{"id":244429,"date":"2026-08-14T14:21:04","date_gmt":"2026-08-14T14:21:04","guid":{"rendered":"https:\/\/thelatinacenter.org\/la-salud-mental-de-los-hombres-en-las-comunidades-latinas-rompiendo-el-silencio\/"},"modified":"2026-08-17T15:06:32","modified_gmt":"2026-08-17T15:06:32","slug":"la-salud-mental-de-los-hombres-en-las-comunidades-latinas-rompiendo-el-silencio","status":"publish","type":"post","link":"https:\/\/thelatinacenter.org\/es\/la-salud-mental-de-los-hombres-en-las-comunidades-latinas-rompiendo-el-silencio\/","title":{"rendered":"La salud mental de los hombres en las comunidades latinas: romper el silencio"},"content":{"rendered":"<p>[et_pb_section fb_built=\u00bb1&#8243; _builder_version=\u00bb4.27.4&#8243; _module_preset=\u00bbdefault\u00bb hover_enabled=\u00bb0&#8243; global_colors_info=\u00bb{}\u00bb sticky_enabled=\u00bb0&#8243;][et_pb_row _builder_version=\u00bb4.27.4&#8243; _module_preset=\u00bbdefault\u00bb global_colors_info=\u00bb{}\u00bb][et_pb_column type=\u00bb4_4&#8243; _builder_version=\u00bb4.27.4&#8243; _module_preset=\u00bbdefault\u00bb global_colors_info=\u00bb{}\u00bb][et_pb_text _builder_version=\u00bb4.27.4&#8243; _module_preset=\u00bbdefault\u00bb background_color=\u00bb#FFFFFF\u00bb hover_enabled=\u00bb0&#8243; global_colors_info=\u00bb{}\u00bb sticky_enabled=\u00bb0&#8243;]<\/p>\n<p style=\"font-weight: 400;\">A muchos hombres latinos se les ense\u00f1a a ser fuertes, trabajar duro y no mostrar emociones. Desde peque\u00f1os, algunos escuchan mensajes como \u201cno llores,\u201d \u201cs\u00e9 hombre\u201d o \u201caguanta.\u201d Aunque la fortaleza y la responsabilidad pueden ser valores positivos, tambi\u00e9n pueden hacer dif\u00edcil que los hombres hablen sobre el dolor, el estr\u00e9s, la soledad o el miedo.  <\/p>\n<p style=\"font-weight: 400;\">La salud mental de los hombres es muy importante porque el silencio puede convertirse en sufrimiento. Algunos hombres no reconocen la depresi\u00f3n o la ansiedad, pero las expresan a trav\u00e9s del estr\u00e9s con enojo, irritabilidad, cansancio, uso de sustancias o dolor f\u00edsico. Otros se mantienen ocupados todo el tiempo con su trabajo y las responsabilidades familiares mientras ignoran sus necesidades emocionales. Con el tiempo, el estr\u00e9s no tratado puede afectar la salud en general, las relaciones, la crianza y la autoestima.   <\/p>\n<p style=\"font-weight: 400;\">Se\u00f1ales comunes de problemas de salud mental en los hombres:<\/p>\n<ul style=\"font-weight: 400;\">\n<li>Enojo o frustraci\u00f3n dif\u00edcil de controlar.<\/li>\n<li>Tomar alcohol o usar sustancias para sobrellevar.<\/li>\n<li>Distancia emocional.<\/li>\n<li>Problemas para dormir.<\/li>\n<li>Dolores de cabeza, malestar estomacal o tensi\u00f3n corporal.<\/li>\n<li>Sentirte vac\u00edo, sin esperanza o agotado.<\/li>\n<li>Trabajar sin parar para evitar sentir.<\/li>\n<\/ul>\n<p style=\"font-weight: 400;\">Las expectativas culturales, el estr\u00e9s migratorio, la presi\u00f3n econ\u00f3mica y la responsabilidad de proveer pueden aumentar esa carga. Muchos hombres temen que pedir ayuda los haga ver d\u00e9biles. En realidad, buscar ayuda requiere valent\u00eda y puede proteger tanto a la persona como a la familia.  <\/p>\n<p style=\"font-weight: 400;\">La masculinidad saludable incluye honestidad emocional, autoestima y cuidado de los dem\u00e1s sin descuidarse a uno mismo. Los hombres no tienen que cargar todo solos. Hablar con un amigo de confianza, un miembro de la iglesia, un consejero o doctor puede ser un primer paso importante.  <\/p>\n<p style=\"font-weight: 400;\"><strong>Pregunta de reflexi\u00f3n: <\/strong>\u00bfCu\u00e1l ser\u00eda una definici\u00f3n m\u00e1s sana de lo que significa hoy en d\u00eda ser un hombre latino fuerte?<\/p>\n<p style=\"font-weight: 400;\">\n<p style=\"font-weight: 400;\"><span>Javier Nunton, MTS<\/span><\/p>\n<p>[\/et_pb_text][\/et_pb_column][\/et_pb_row][\/et_pb_section]<\/p>\n","protected":false},"excerpt":{"rendered":"<p>A muchos hombres latinos se les ense\u00f1a a ser fuertes, trabajar duro y no mostrar emociones. Desde peque\u00f1os, algunos escuchan mensajes como \u201cno llores,\u201d \u201cs\u00e9 hombre\u201d o \u201caguanta.\u201d Aunque la fortaleza y la responsabilidad pueden ser valores positivos, tambi\u00e9n pueden hacer dif\u00edcil que los hombres hablen sobre el dolor, el estr\u00e9s, la soledad o el miedo.  <\/p>\n","protected":false},"author":1,"featured_media":244425,"comment_status":"open","ping_status":"open","sticky":false,"template":"","format":"standard","meta":{"_et_pb_use_builder":"on","_et_pb_old_content":"","_et_gb_content_width":"","_themeisle_gutenberg_block_has_review":false,"footnotes":""},"categories":[69],"tags":[],"class_list":["post-244429","post","type-post","status-publish","format-standard","has-post-thumbnail","hentry","category-vitaminas-para-la-salud-mental"],"yoast_head":"<!-- This site is optimized with the Yoast SEO plugin v28.4 - https:\/\/yoast.com\/product\/yoast-seo-wordpress\/ -->\n<title>La salud mental de los hombres en las comunidades latinas: romper el silencio - The Latina Center<\/title>\n<meta name=\"robots\" content=\"index, follow, max-snippet:-1, max-image-preview:large, max-video-preview:-1\" \/>\n<link rel=\"canonical\" href=\"https:\/\/thelatinacenter.org\/es\/la-salud-mental-de-los-hombres-en-las-comunidades-latinas-rompiendo-el-silencio\/\" \/>\n<meta property=\"og:locale\" content=\"es_ES\" \/>\n<meta property=\"og:type\" content=\"article\" \/>\n<meta property=\"og:title\" content=\"La salud mental de los hombres en las comunidades latinas: romper el silencio - The Latina Center\" \/>\n<meta property=\"og:description\" content=\"A muchos hombres latinos se les ense\u00f1a a ser fuertes, trabajar duro y no mostrar emociones. Desde peque\u00f1os, algunos escuchan mensajes como \u201cno llores,\u201d \u201cs\u00e9 hombre\u201d o \u201caguanta.\u201d Aunque la fortaleza y la responsabilidad pueden ser valores positivos, tambi\u00e9n pueden hacer dif\u00edcil que los hombres hablen sobre el dolor, el estr\u00e9s, la soledad o el miedo.\" \/>\n<meta property=\"og:url\" content=\"https:\/\/thelatinacenter.org\/es\/la-salud-mental-de-los-hombres-en-las-comunidades-latinas-rompiendo-el-silencio\/\" \/>\n<meta property=\"og:site_name\" content=\"The Latina Center\" \/>\n<meta property=\"article:publisher\" content=\"https:\/\/www.facebook.com\/TheLatinaCenterTLC\" \/>\n<meta property=\"article:published_time\" content=\"2026-08-14T14:21:04+00:00\" \/>\n<meta property=\"article:modified_time\" content=\"2026-08-17T15:06:32+00:00\" \/>\n<meta property=\"og:image\" content=\"https:\/\/thelatinacenter.org\/wp-content\/uploads\/2026\/08\/hombres.jpg\" \/>\n\t<meta property=\"og:image:width\" content=\"1024\" \/>\n\t<meta property=\"og:image:height\" content=\"572\" \/>\n\t<meta property=\"og:image:type\" content=\"image\/jpeg\" \/>\n<meta name=\"author\" content=\"TLC_WebAdmin\" \/>\n<meta name=\"twitter:card\" content=\"summary_large_image\" \/>\n<meta name=\"twitter:label1\" content=\"Escrito por\" \/>\n\t<meta name=\"twitter:data1\" content=\"TLC_WebAdmin\" \/>\n\t<meta name=\"twitter:label2\" content=\"Tiempo de lectura\" \/>\n\t<meta name=\"twitter:data2\" content=\"2 minutos\" \/>\n<script type=\"application\/ld+json\" class=\"yoast-schema-graph\">{\"@context\":\"https:\\\/\\\/schema.org\",\"@graph\":[{\"@type\":\"Article\",\"@id\":\"https:\\\/\\\/thelatinacenter.org\\\/es\\\/la-salud-mental-de-los-hombres-en-las-comunidades-latinas-rompiendo-el-silencio\\\/#article\",\"isPartOf\":{\"@id\":\"https:\\\/\\\/thelatinacenter.org\\\/es\\\/la-salud-mental-de-los-hombres-en-las-comunidades-latinas-rompiendo-el-silencio\\\/\"},\"author\":{\"name\":\"TLC_WebAdmin\",\"@id\":\"https:\\\/\\\/thelatinacenter.org\\\/#\\\/schema\\\/person\\\/29e3da4205d4617cad430e2429f5fe99\"},\"headline\":\"La salud mental de los hombres en las comunidades latinas: romper el silencio\",\"datePublished\":\"2026-08-14T14:21:04+00:00\",\"dateModified\":\"2026-08-17T15:06:32+00:00\",\"mainEntityOfPage\":{\"@id\":\"https:\\\/\\\/thelatinacenter.org\\\/es\\\/la-salud-mental-de-los-hombres-en-las-comunidades-latinas-rompiendo-el-silencio\\\/\"},\"wordCount\":410,\"commentCount\":0,\"publisher\":{\"@id\":\"https:\\\/\\\/thelatinacenter.org\\\/#organization\"},\"image\":{\"@id\":\"https:\\\/\\\/thelatinacenter.org\\\/es\\\/la-salud-mental-de-los-hombres-en-las-comunidades-latinas-rompiendo-el-silencio\\\/#primaryimage\"},\"thumbnailUrl\":\"https:\\\/\\\/thelatinacenter.org\\\/wp-content\\\/uploads\\\/2026\\\/08\\\/hombres.jpg\",\"articleSection\":[\"Vitaminas para la salud mental\"],\"inLanguage\":\"es\",\"potentialAction\":[{\"@type\":\"CommentAction\",\"name\":\"Comment\",\"target\":[\"https:\\\/\\\/thelatinacenter.org\\\/es\\\/la-salud-mental-de-los-hombres-en-las-comunidades-latinas-rompiendo-el-silencio\\\/#respond\"]}]},{\"@type\":\"WebPage\",\"@id\":\"https:\\\/\\\/thelatinacenter.org\\\/es\\\/la-salud-mental-de-los-hombres-en-las-comunidades-latinas-rompiendo-el-silencio\\\/\",\"url\":\"https:\\\/\\\/thelatinacenter.org\\\/es\\\/la-salud-mental-de-los-hombres-en-las-comunidades-latinas-rompiendo-el-silencio\\\/\",\"name\":\"La salud mental de los hombres en las comunidades latinas: romper el silencio - The Latina Center\",\"isPartOf\":{\"@id\":\"https:\\\/\\\/thelatinacenter.org\\\/#website\"},\"primaryImageOfPage\":{\"@id\":\"https:\\\/\\\/thelatinacenter.org\\\/es\\\/la-salud-mental-de-los-hombres-en-las-comunidades-latinas-rompiendo-el-silencio\\\/#primaryimage\"},\"image\":{\"@id\":\"https:\\\/\\\/thelatinacenter.org\\\/es\\\/la-salud-mental-de-los-hombres-en-las-comunidades-latinas-rompiendo-el-silencio\\\/#primaryimage\"},\"thumbnailUrl\":\"https:\\\/\\\/thelatinacenter.org\\\/wp-content\\\/uploads\\\/2026\\\/08\\\/hombres.jpg\",\"datePublished\":\"2026-08-14T14:21:04+00:00\",\"dateModified\":\"2026-08-17T15:06:32+00:00\",\"breadcrumb\":{\"@id\":\"https:\\\/\\\/thelatinacenter.org\\\/es\\\/la-salud-mental-de-los-hombres-en-las-comunidades-latinas-rompiendo-el-silencio\\\/#breadcrumb\"},\"inLanguage\":\"es\",\"potentialAction\":[{\"@type\":\"ReadAction\",\"target\":[\"https:\\\/\\\/thelatinacenter.org\\\/es\\\/la-salud-mental-de-los-hombres-en-las-comunidades-latinas-rompiendo-el-silencio\\\/\"]}]},{\"@type\":\"ImageObject\",\"inLanguage\":\"es\",\"@id\":\"https:\\\/\\\/thelatinacenter.org\\\/es\\\/la-salud-mental-de-los-hombres-en-las-comunidades-latinas-rompiendo-el-silencio\\\/#primaryimage\",\"url\":\"https:\\\/\\\/thelatinacenter.org\\\/wp-content\\\/uploads\\\/2026\\\/08\\\/hombres.jpg\",\"contentUrl\":\"https:\\\/\\\/thelatinacenter.org\\\/wp-content\\\/uploads\\\/2026\\\/08\\\/hombres.jpg\",\"width\":1024,\"height\":572},{\"@type\":\"BreadcrumbList\",\"@id\":\"https:\\\/\\\/thelatinacenter.org\\\/es\\\/la-salud-mental-de-los-hombres-en-las-comunidades-latinas-rompiendo-el-silencio\\\/#breadcrumb\",\"itemListElement\":[{\"@type\":\"ListItem\",\"position\":1,\"name\":\"Home\",\"item\":\"https:\\\/\\\/thelatinacenter.org\\\/es\\\/inicio-2\\\/\"},{\"@type\":\"ListItem\",\"position\":2,\"name\":\"La salud mental de los hombres en las comunidades latinas: romper el silencio\"}]},{\"@type\":\"WebSite\",\"@id\":\"https:\\\/\\\/thelatinacenter.org\\\/#website\",\"url\":\"https:\\\/\\\/thelatinacenter.org\\\/\",\"name\":\"The Latina Center\",\"description\":\"\",\"publisher\":{\"@id\":\"https:\\\/\\\/thelatinacenter.org\\\/#organization\"},\"potentialAction\":[{\"@type\":\"SearchAction\",\"target\":{\"@type\":\"EntryPoint\",\"urlTemplate\":\"https:\\\/\\\/thelatinacenter.org\\\/?s={search_term_string}\"},\"query-input\":{\"@type\":\"PropertyValueSpecification\",\"valueRequired\":true,\"valueName\":\"search_term_string\"}}],\"inLanguage\":\"es\"},{\"@type\":\"Organization\",\"@id\":\"https:\\\/\\\/thelatinacenter.org\\\/#organization\",\"name\":\"The Latina Center\",\"url\":\"https:\\\/\\\/thelatinacenter.org\\\/\",\"logo\":{\"@type\":\"ImageObject\",\"inLanguage\":\"es\",\"@id\":\"https:\\\/\\\/thelatinacenter.org\\\/#\\\/schema\\\/logo\\\/image\\\/\",\"url\":\"https:\\\/\\\/thelatinacenter.org\\\/wp-content\\\/uploads\\\/2024\\\/04\\\/TLC_Logo_12.13.23_Square.png\",\"contentUrl\":\"https:\\\/\\\/thelatinacenter.org\\\/wp-content\\\/uploads\\\/2024\\\/04\\\/TLC_Logo_12.13.23_Square.png\",\"width\":1080,\"height\":1080,\"caption\":\"The Latina Center\"},\"image\":{\"@id\":\"https:\\\/\\\/thelatinacenter.org\\\/#\\\/schema\\\/logo\\\/image\\\/\"},\"sameAs\":[\"https:\\\/\\\/www.facebook.com\\\/TheLatinaCenterTLC\",\"https:\\\/\\\/www.instagram.com\\\/thelatinacentertlc\\\/\",\"https:\\\/\\\/www.youtube.com\\\/@TheLatinaCenter\"]},{\"@type\":\"Person\",\"@id\":\"https:\\\/\\\/thelatinacenter.org\\\/#\\\/schema\\\/person\\\/29e3da4205d4617cad430e2429f5fe99\",\"name\":\"TLC_WebAdmin\",\"image\":{\"@type\":\"ImageObject\",\"inLanguage\":\"es\",\"@id\":\"https:\\\/\\\/secure.gravatar.com\\\/avatar\\\/aed23afb028add86d1c97be18b98670f2c550f5ed3887ce24d5db3b1fe77ddc0?s=96&d=mm&r=g\",\"url\":\"https:\\\/\\\/secure.gravatar.com\\\/avatar\\\/aed23afb028add86d1c97be18b98670f2c550f5ed3887ce24d5db3b1fe77ddc0?s=96&d=mm&r=g\",\"contentUrl\":\"https:\\\/\\\/secure.gravatar.com\\\/avatar\\\/aed23afb028add86d1c97be18b98670f2c550f5ed3887ce24d5db3b1fe77ddc0?s=96&d=mm&r=g\",\"caption\":\"TLC_WebAdmin\"},\"sameAs\":[\"https:\\\/\\\/thelatinacenter.org\"],\"url\":\"https:\\\/\\\/thelatinacenter.org\\\/es\\\/author\\\/tlc_webadmin\\\/\"}]}<\/script>\n<!-- \/ Yoast SEO plugin. -->","yoast_head_json":{"title":"La salud mental de los hombres en las comunidades latinas: romper el silencio - The Latina Center","robots":{"index":"index","follow":"follow","max-snippet":"max-snippet:-1","max-image-preview":"max-image-preview:large","max-video-preview":"max-video-preview:-1"},"canonical":"https:\/\/thelatinacenter.org\/es\/la-salud-mental-de-los-hombres-en-las-comunidades-latinas-rompiendo-el-silencio\/","og_locale":"es_ES","og_type":"article","og_title":"La salud mental de los hombres en las comunidades latinas: romper el silencio - The Latina Center","og_description":"A muchos hombres latinos se les ense\u00f1a a ser fuertes, trabajar duro y no mostrar emociones. Desde peque\u00f1os, algunos escuchan mensajes como \u201cno llores,\u201d \u201cs\u00e9 hombre\u201d o \u201caguanta.\u201d Aunque la fortaleza y la responsabilidad pueden ser valores positivos, tambi\u00e9n pueden hacer dif\u00edcil que los hombres hablen sobre el dolor, el estr\u00e9s, la soledad o el miedo.","og_url":"https:\/\/thelatinacenter.org\/es\/la-salud-mental-de-los-hombres-en-las-comunidades-latinas-rompiendo-el-silencio\/","og_site_name":"The Latina Center","article_publisher":"https:\/\/www.facebook.com\/TheLatinaCenterTLC","article_published_time":"2026-08-14T14:21:04+00:00","article_modified_time":"2026-08-17T15:06:32+00:00","og_image":[{"width":1024,"height":572,"url":"https:\/\/thelatinacenter.org\/wp-content\/uploads\/2026\/08\/hombres.jpg","type":"image\/jpeg"}],"author":"TLC_WebAdmin","twitter_card":"summary_large_image","twitter_misc":{"Escrito por":"TLC_WebAdmin","Tiempo de lectura":"2 minutos"},"schema":{"@context":"https:\/\/schema.org","@graph":[{"@type":"Article","@id":"https:\/\/thelatinacenter.org\/es\/la-salud-mental-de-los-hombres-en-las-comunidades-latinas-rompiendo-el-silencio\/#article","isPartOf":{"@id":"https:\/\/thelatinacenter.org\/es\/la-salud-mental-de-los-hombres-en-las-comunidades-latinas-rompiendo-el-silencio\/"},"author":{"name":"TLC_WebAdmin","@id":"https:\/\/thelatinacenter.org\/#\/schema\/person\/29e3da4205d4617cad430e2429f5fe99"},"headline":"La salud mental de los hombres en las comunidades latinas: romper el silencio","datePublished":"2026-08-14T14:21:04+00:00","dateModified":"2026-08-17T15:06:32+00:00","mainEntityOfPage":{"@id":"https:\/\/thelatinacenter.org\/es\/la-salud-mental-de-los-hombres-en-las-comunidades-latinas-rompiendo-el-silencio\/"},"wordCount":410,"commentCount":0,"publisher":{"@id":"https:\/\/thelatinacenter.org\/#organization"},"image":{"@id":"https:\/\/thelatinacenter.org\/es\/la-salud-mental-de-los-hombres-en-las-comunidades-latinas-rompiendo-el-silencio\/#primaryimage"},"thumbnailUrl":"https:\/\/thelatinacenter.org\/wp-content\/uploads\/2026\/08\/hombres.jpg","articleSection":["Vitaminas para la salud mental"],"inLanguage":"es","potentialAction":[{"@type":"CommentAction","name":"Comment","target":["https:\/\/thelatinacenter.org\/es\/la-salud-mental-de-los-hombres-en-las-comunidades-latinas-rompiendo-el-silencio\/#respond"]}]},{"@type":"WebPage","@id":"https:\/\/thelatinacenter.org\/es\/la-salud-mental-de-los-hombres-en-las-comunidades-latinas-rompiendo-el-silencio\/","url":"https:\/\/thelatinacenter.org\/es\/la-salud-mental-de-los-hombres-en-las-comunidades-latinas-rompiendo-el-silencio\/","name":"La salud mental de los hombres en las comunidades latinas: romper el silencio - The Latina Center","isPartOf":{"@id":"https:\/\/thelatinacenter.org\/#website"},"primaryImageOfPage":{"@id":"https:\/\/thelatinacenter.org\/es\/la-salud-mental-de-los-hombres-en-las-comunidades-latinas-rompiendo-el-silencio\/#primaryimage"},"image":{"@id":"https:\/\/thelatinacenter.org\/es\/la-salud-mental-de-los-hombres-en-las-comunidades-latinas-rompiendo-el-silencio\/#primaryimage"},"thumbnailUrl":"https:\/\/thelatinacenter.org\/wp-content\/uploads\/2026\/08\/hombres.jpg","datePublished":"2026-08-14T14:21:04+00:00","dateModified":"2026-08-17T15:06:32+00:00","breadcrumb":{"@id":"https:\/\/thelatinacenter.org\/es\/la-salud-mental-de-los-hombres-en-las-comunidades-latinas-rompiendo-el-silencio\/#breadcrumb"},"inLanguage":"es","potentialAction":[{"@type":"ReadAction","target":["https:\/\/thelatinacenter.org\/es\/la-salud-mental-de-los-hombres-en-las-comunidades-latinas-rompiendo-el-silencio\/"]}]},{"@type":"ImageObject","inLanguage":"es","@id":"https:\/\/thelatinacenter.org\/es\/la-salud-mental-de-los-hombres-en-las-comunidades-latinas-rompiendo-el-silencio\/#primaryimage","url":"https:\/\/thelatinacenter.org\/wp-content\/uploads\/2026\/08\/hombres.jpg","contentUrl":"https:\/\/thelatinacenter.org\/wp-content\/uploads\/2026\/08\/hombres.jpg","width":1024,"height":572},{"@type":"BreadcrumbList","@id":"https:\/\/thelatinacenter.org\/es\/la-salud-mental-de-los-hombres-en-las-comunidades-latinas-rompiendo-el-silencio\/#breadcrumb","itemListElement":[{"@type":"ListItem","position":1,"name":"Home","item":"https:\/\/thelatinacenter.org\/es\/inicio-2\/"},{"@type":"ListItem","position":2,"name":"La salud mental de los hombres en las comunidades latinas: romper el silencio"}]},{"@type":"WebSite","@id":"https:\/\/thelatinacenter.org\/#website","url":"https:\/\/thelatinacenter.org\/","name":"The Latina Center","description":"","publisher":{"@id":"https:\/\/thelatinacenter.org\/#organization"},"potentialAction":[{"@type":"SearchAction","target":{"@type":"EntryPoint","urlTemplate":"https:\/\/thelatinacenter.org\/?s={search_term_string}"},"query-input":{"@type":"PropertyValueSpecification","valueRequired":true,"valueName":"search_term_string"}}],"inLanguage":"es"},{"@type":"Organization","@id":"https:\/\/thelatinacenter.org\/#organization","name":"The Latina Center","url":"https:\/\/thelatinacenter.org\/","logo":{"@type":"ImageObject","inLanguage":"es","@id":"https:\/\/thelatinacenter.org\/#\/schema\/logo\/image\/","url":"https:\/\/thelatinacenter.org\/wp-content\/uploads\/2024\/04\/TLC_Logo_12.13.23_Square.png","contentUrl":"https:\/\/thelatinacenter.org\/wp-content\/uploads\/2024\/04\/TLC_Logo_12.13.23_Square.png","width":1080,"height":1080,"caption":"The Latina Center"},"image":{"@id":"https:\/\/thelatinacenter.org\/#\/schema\/logo\/image\/"},"sameAs":["https:\/\/www.facebook.com\/TheLatinaCenterTLC","https:\/\/www.instagram.com\/thelatinacentertlc\/","https:\/\/www.youtube.com\/@TheLatinaCenter"]},{"@type":"Person","@id":"https:\/\/thelatinacenter.org\/#\/schema\/person\/29e3da4205d4617cad430e2429f5fe99","name":"TLC_WebAdmin","image":{"@type":"ImageObject","inLanguage":"es","@id":"https:\/\/secure.gravatar.com\/avatar\/aed23afb028add86d1c97be18b98670f2c550f5ed3887ce24d5db3b1fe77ddc0?s=96&d=mm&r=g","url":"https:\/\/secure.gravatar.com\/avatar\/aed23afb028add86d1c97be18b98670f2c550f5ed3887ce24d5db3b1fe77ddc0?s=96&d=mm&r=g","contentUrl":"https:\/\/secure.gravatar.com\/avatar\/aed23afb028add86d1c97be18b98670f2c550f5ed3887ce24d5db3b1fe77ddc0?s=96&d=mm&r=g","caption":"TLC_WebAdmin"},"sameAs":["https:\/\/thelatinacenter.org"],"url":"https:\/\/thelatinacenter.org\/es\/author\/tlc_webadmin\/"}]}},"_links":{"self":[{"href":"https:\/\/thelatinacenter.org\/es\/wp-json\/wp\/v2\/posts\/244429","targetHints":{"allow":["GET"]}}],"collection":[{"href":"https:\/\/thelatinacenter.org\/es\/wp-json\/wp\/v2\/posts"}],"about":[{"href":"https:\/\/thelatinacenter.org\/es\/wp-json\/wp\/v2\/types\/post"}],"author":[{"embeddable":true,"href":"https:\/\/thelatinacenter.org\/es\/wp-json\/wp\/v2\/users\/1"}],"replies":[{"embeddable":true,"href":"https:\/\/thelatinacenter.org\/es\/wp-json\/wp\/v2\/comments?post=244429"}],"version-history":[{"count":7,"href":"https:\/\/thelatinacenter.org\/es\/wp-json\/wp\/v2\/posts\/244429\/revisions"}],"predecessor-version":[{"id":244437,"href":"https:\/\/thelatinacenter.org\/es\/wp-json\/wp\/v2\/posts\/244429\/revisions\/244437"}],"wp:featuredmedia":[{"embeddable":true,"href":"https:\/\/thelatinacenter.org\/es\/wp-json\/wp\/v2\/media\/244425"}],"wp:attachment":[{"href":"https:\/\/thelatinacenter.org\/es\/wp-json\/wp\/v2\/media?parent=244429"}],"wp:term":[{"taxonomy":"category","embeddable":true,"href":"https:\/\/thelatinacenter.org\/es\/wp-json\/wp\/v2\/categories?post=244429"},{"taxonomy":"post_tag","embeddable":true,"href":"https:\/\/thelatinacenter.org\/es\/wp-json\/wp\/v2\/tags?post=244429"}],"curies":[{"name":"wp","href":"https:\/\/api.w.org\/{rel}","templated":true}]}}